{"id":1181,"date":"2022-01-15T16:08:00","date_gmt":"2022-01-15T15:08:00","guid":{"rendered":"http:\/\/www.nuestrasenoradelapaz.com\/?p=1181"},"modified":"2022-01-18T09:17:36","modified_gmt":"2022-01-18T08:17:36","slug":"50-anos-del-i-festival-de-alcobendas","status":"publish","type":"post","link":"http:\/\/www.nuestrasenoradelapaz.com\/?p=1181","title":{"rendered":"50 a\u00f1os del \u201cI Festival de Alcobendas\u201d"},"content":{"rendered":"\n<p>Hace medio siglo, el Ayuntamiento de Alcobendas presidido por el alcalde Tom\u00e1s P\u00e1ramo, aprovechando la popular aceptaci\u00f3n y el eco medi\u00e1tico que ten\u00edan los festivales de la canci\u00f3n, con el af\u00e1n de promocionar y dar a conocer la que ya se estaba convirtiendo en una ciudad de r\u00e1pido crecimiento, organiz\u00f3 el que se dio a conocer como \u201cFestival de Alcobendas\u201d, celebrado en su primera edici\u00f3n los d\u00edas 20, 21 y 22 de enero de 1972 como parte de las Fiestas patronales de Ntra. Sra. de la Paz.<\/p>\n\n\n\n<p>\u200bEl Festival fue un evento musical de primera l\u00ednea muy al uso de la \u00e9poca en la que sobresal\u00edan festivales de m\u00fasica ligera tan renombrados como los de San Remo, Benidorm, Vi\u00f1a del Mar, OTI, o el m\u00edtico de Eurovisi\u00f3n, entre los que se col\u00f3 durante seis a\u00f1os el nombre de nuestro Alcobendas para ocupar un lugar muy destacado y convertirse durante unos d\u00edas en capital de la m\u00fasica ligera.<br>\u200b<br>El primer certamen se celebr\u00f3, como los otros cinco, en el flamante teatro cine Avenida de la empresa Juli\u00e1n Baena de Castro y tuvo como ganador a un jovenc\u00edsimo cantante argentino llamado Jairo que se daba a conocer en Europa con su canci\u00f3n \u201cMar\u00eda Serena\u201d, siendo el segundo premio para la canci\u00f3n \u201cEn silencio\u201d del valenciano Juan Bautista Humet. Fue muy amplia la repercusi\u00f3n medi\u00e1tica, sobresaliendo especialmente la que ofreci\u00f3 el noticiario cinematogr\u00e1fico No-Do que en recuerdo reproducimos y que llev\u00f3 el nombre de Alcobendas a todas las salas de cine de Espa\u00f1a.<\/p>\n\n\n\n<p>Pod\u00e9is pinchar aqu\u00ed para verlo: <\/p>\n\n\n\n<figure class=\"wp-block-embed is-type-video is-provider-youtube wp-block-embed-youtube wp-embed-aspect-4-3 wp-has-aspect-ratio\"><div class=\"wp-block-embed__wrapper\">\n<iframe loading=\"lazy\" title=\"Festival de Alcobendas 72\" width=\"1230\" height=\"923\" src=\"https:\/\/www.youtube.com\/embed\/Rz4Tg8Yo468?feature=oembed\" frameborder=\"0\" allow=\"accelerometer; autoplay; clipboard-write; encrypted-media; gyroscope; picture-in-picture\" allowfullscreen><\/iframe>\n<\/div><\/figure>\n\n\n\n<p><\/p>\n\n\n\n<p><\/p>\n\n\n\n<p><\/p>\n\n\n\n<p>Juli\u00e1n Caballero<\/p>\n\n\n\n<p><\/p>\n\n\n\n<figure class=\"wp-block-image size-large\"><img decoding=\"async\" loading=\"lazy\" width=\"746\" height=\"1024\" src=\"http:\/\/www.nuestrasenoradelapaz.com\/wp-content\/uploads\/2022\/01\/73F42FEB-ED23-4A7F-A73C-335D11214F8C-746x1024.jpeg\" alt=\"\" class=\"wp-image-1183\" srcset=\"http:\/\/www.nuestrasenoradelapaz.com\/wp-content\/uploads\/2022\/01\/73F42FEB-ED23-4A7F-A73C-335D11214F8C-746x1024.jpeg 746w, http:\/\/www.nuestrasenoradelapaz.com\/wp-content\/uploads\/2022\/01\/73F42FEB-ED23-4A7F-A73C-335D11214F8C-218x300.jpeg 218w, http:\/\/www.nuestrasenoradelapaz.com\/wp-content\/uploads\/2022\/01\/73F42FEB-ED23-4A7F-A73C-335D11214F8C-768x1055.jpeg 768w, http:\/\/www.nuestrasenoradelapaz.com\/wp-content\/uploads\/2022\/01\/73F42FEB-ED23-4A7F-A73C-335D11214F8C-1118x1536.jpeg 1118w, http:\/\/www.nuestrasenoradelapaz.com\/wp-content\/uploads\/2022\/01\/73F42FEB-ED23-4A7F-A73C-335D11214F8C-451x620.jpeg 451w, http:\/\/www.nuestrasenoradelapaz.com\/wp-content\/uploads\/2022\/01\/73F42FEB-ED23-4A7F-A73C-335D11214F8C-655x900.jpeg 655w, http:\/\/www.nuestrasenoradelapaz.com\/wp-content\/uploads\/2022\/01\/73F42FEB-ED23-4A7F-A73C-335D11214F8C-473x650.jpeg 473w, http:\/\/www.nuestrasenoradelapaz.com\/wp-content\/uploads\/2022\/01\/73F42FEB-ED23-4A7F-A73C-335D11214F8C-328x450.jpeg 328w, http:\/\/www.nuestrasenoradelapaz.com\/wp-content\/uploads\/2022\/01\/73F42FEB-ED23-4A7F-A73C-335D11214F8C.jpeg 1157w\" sizes=\"(max-width: 746px) 100vw, 746px\" \/><\/figure>\n\n\n\n<figure class=\"wp-block-image size-large\"><img decoding=\"async\" loading=\"lazy\" width=\"1024\" height=\"983\" src=\"http:\/\/www.nuestrasenoradelapaz.com\/wp-content\/uploads\/2022\/01\/E14EF569-5AA7-4806-884C-75C38F896FE2-1024x983.jpeg\" alt=\"\" class=\"wp-image-1182\" srcset=\"http:\/\/www.nuestrasenoradelapaz.com\/wp-content\/uploads\/2022\/01\/E14EF569-5AA7-4806-884C-75C38F896FE2-1024x983.jpeg 1024w, http:\/\/www.nuestrasenoradelapaz.com\/wp-content\/uploads\/2022\/01\/E14EF569-5AA7-4806-884C-75C38F896FE2-300x288.jpeg 300w, http:\/\/www.nuestrasenoradelapaz.com\/wp-content\/uploads\/2022\/01\/E14EF569-5AA7-4806-884C-75C38F896FE2-768x737.jpeg 768w, http:\/\/www.nuestrasenoradelapaz.com\/wp-content\/uploads\/2022\/01\/E14EF569-5AA7-4806-884C-75C38F896FE2-646x620.jpeg 646w, http:\/\/www.nuestrasenoradelapaz.com\/wp-content\/uploads\/2022\/01\/E14EF569-5AA7-4806-884C-75C38F896FE2-938x900.jpeg 938w, http:\/\/www.nuestrasenoradelapaz.com\/wp-content\/uploads\/2022\/01\/E14EF569-5AA7-4806-884C-75C38F896FE2-600x576.jpeg 600w, http:\/\/www.nuestrasenoradelapaz.com\/wp-content\/uploads\/2022\/01\/E14EF569-5AA7-4806-884C-75C38F896FE2-400x384.jpeg 400w, http:\/\/www.nuestrasenoradelapaz.com\/wp-content\/uploads\/2022\/01\/E14EF569-5AA7-4806-884C-75C38F896FE2.jpeg 1290w\" sizes=\"(max-width: 1024px) 100vw, 1024px\" \/><\/figure>\n\n\n\n<p><\/p>\n","protected":false},"excerpt":{"rendered":"<p>Hace medio siglo, el Ayuntamiento de Alcobendas presidido por el alcalde Tom\u00e1s P\u00e1ramo, aprovechando la popular aceptaci\u00f3n y el eco medi\u00e1tico que ten\u00edan los festivales de la canci\u00f3n, con el&hellip;<a href=\"http:\/\/www.nuestrasenoradelapaz.com\/?p=1181\" class=\"more-link\"><span class=\"more-button\">Continue reading<span class=\"screen-reader-text\">50 a\u00f1os del \u201cI Festival de Alcobendas\u201d<\/span><\/span><\/a><\/p>\n","protected":false},"author":6,"featured_media":1184,"comment_status":"closed","ping_status":"open","sticky":false,"template":"","format":"standard","meta":[],"categories":[1],"tags":[],"_links":{"self":[{"href":"http:\/\/www.nuestrasenoradelapaz.com\/index.php?rest_route=\/wp\/v2\/posts\/1181"}],"collection":[{"href":"http:\/\/www.nuestrasenoradelapaz.com\/index.php?rest_route=\/wp\/v2\/posts"}],"about":[{"href":"http:\/\/www.nuestrasenoradelapaz.com\/index.php?rest_route=\/wp\/v2\/types\/post"}],"author":[{"embeddable":true,"href":"http:\/\/www.nuestrasenoradelapaz.com\/index.php?rest_route=\/wp\/v2\/users\/6"}],"replies":[{"embeddable":true,"href":"http:\/\/www.nuestrasenoradelapaz.com\/index.php?rest_route=%2Fwp%2Fv2%2Fcomments&post=1181"}],"version-history":[{"count":4,"href":"http:\/\/www.nuestrasenoradelapaz.com\/index.php?rest_route=\/wp\/v2\/posts\/1181\/revisions"}],"predecessor-version":[{"id":1186,"href":"http:\/\/www.nuestrasenoradelapaz.com\/index.php?rest_route=\/wp\/v2\/posts\/1181\/revisions\/1186"}],"wp:featuredmedia":[{"embeddable":true,"href":"http:\/\/www.nuestrasenoradelapaz.com\/index.php?rest_route=\/wp\/v2\/media\/1184"}],"wp:attachment":[{"href":"http:\/\/www.nuestrasenoradelapaz.com\/index.php?rest_route=%2Fwp%2Fv2%2Fmedia&parent=1181"}],"wp:term":[{"taxonomy":"category","embeddable":true,"href":"http:\/\/www.nuestrasenoradelapaz.com\/index.php?rest_route=%2Fwp%2Fv2%2Fcategories&post=1181"},{"taxonomy":"post_tag","embeddable":true,"href":"http:\/\/www.nuestrasenoradelapaz.com\/index.php?rest_route=%2Fwp%2Fv2%2Ftags&post=1181"}],"curies":[{"name":"wp","href":"https:\/\/api.w.org\/{rel}","templated":true}]}}